{"id":6446,"date":"2026-04-14T15:04:56","date_gmt":"2026-04-14T21:04:56","guid":{"rendered":"https:\/\/www.colorlatina.org\/?p=6446"},"modified":"2026-04-14T15:09:11","modified_gmt":"2026-04-14T21:09:11","slug":"protecting-health-equity-in-colorado","status":"publish","type":"post","link":"https:\/\/www.colorlatina.org\/es\/protecting-health-equity-in-colorado\/","title":{"rendered":"Protegiendo la equidad en salud en Colorado"},"content":{"rendered":"<div data-elementor-type=\"wp-post\" data-elementor-id=\"6446\" class=\"elementor elementor-6446\" data-elementor-post-type=\"post\">\n\t\t\t\t\t\t<section class=\"elementor-section elementor-top-section elementor-element elementor-element-c53b408 elementor-section-boxed elementor-section-height-default elementor-section-height-default\" data-id=\"c53b408\" data-element_type=\"section\">\n\t\t\t\t\t\t<div class=\"elementor-container elementor-column-gap-default\">\n\t\t\t\t\t<div class=\"elementor-column elementor-col-100 elementor-top-column elementor-element elementor-element-0077a08\" data-id=\"0077a08\" data-element_type=\"column\">\n\t\t\t<div class=\"elementor-widget-wrap elementor-element-populated\">\n\t\t\t\t\t\t<div class=\"elementor-element elementor-element-82ce4c2 elementor-widget elementor-widget-heading\" data-id=\"82ce4c2\" data-element_type=\"widget\" data-widget_type=\"heading.default\">\n\t\t\t\t<div class=\"elementor-widget-container\">\n\t\t\t\t\t<h2 class=\"elementor-heading-title elementor-size-default\">Necesitamos la participaci\u00f3n ciudadana para dejar claro que nuestras comunidades esperan que se proteja el acceso a la atenci\u00f3n m\u00e9dica.<\/h2>\t\t\t\t<\/div>\n\t\t\t\t<\/div>\n\t\t\t\t\t<\/div>\n\t\t<\/div>\n\t\t\t\t\t<\/div>\n\t\t<\/section>\n\t\t\t\t<section class=\"elementor-section elementor-top-section elementor-element elementor-element-09e8dc1 elementor-section-boxed elementor-section-height-default elementor-section-height-default\" data-id=\"09e8dc1\" data-element_type=\"section\">\n\t\t\t\t\t\t<div class=\"elementor-container elementor-column-gap-default\">\n\t\t\t\t\t<div class=\"elementor-column elementor-col-100 elementor-top-column elementor-element elementor-element-97a34fe\" data-id=\"97a34fe\" data-element_type=\"column\">\n\t\t\t<div class=\"elementor-widget-wrap elementor-element-populated\">\n\t\t\t\t\t\t<div class=\"elementor-element elementor-element-b160d44 elementor-widget elementor-widget-image\" data-id=\"b160d44\" data-element_type=\"widget\" data-widget_type=\"image.default\">\n\t\t\t\t<div class=\"elementor-widget-container\">\n\t\t\t\t\t\t\t\t\t\t\t\t\t\t\t<img fetchpriority=\"high\" decoding=\"async\" width=\"1468\" height=\"874\" src=\"https:\/\/www.colorlatina.org\/wp-content\/uploads\/2026\/04\/Screenshot-2026-04-14-at-3.05.49-PM.png\" class=\"attachment-full size-full wp-image-6453\" alt=\"\" srcset=\"https:\/\/www.colorlatina.org\/wp-content\/uploads\/2026\/04\/Screenshot-2026-04-14-at-3.05.49-PM.png 1468w, https:\/\/www.colorlatina.org\/wp-content\/uploads\/2026\/04\/Screenshot-2026-04-14-at-3.05.49-PM-300x179.png 300w, https:\/\/www.colorlatina.org\/wp-content\/uploads\/2026\/04\/Screenshot-2026-04-14-at-3.05.49-PM-1024x610.png 1024w, https:\/\/www.colorlatina.org\/wp-content\/uploads\/2026\/04\/Screenshot-2026-04-14-at-3.05.49-PM-768x457.png 768w, https:\/\/www.colorlatina.org\/wp-content\/uploads\/2026\/04\/Screenshot-2026-04-14-at-3.05.49-PM-18x12.png 18w\" sizes=\"(max-width: 1468px) 100vw, 1468px\" \/>\t\t\t\t\t\t\t\t\t\t\t\t\t\t\t<\/div>\n\t\t\t\t<\/div>\n\t\t\t\t\t<\/div>\n\t\t<\/div>\n\t\t\t\t\t<\/div>\n\t\t<\/section>\n\t\t\t\t<section class=\"elementor-section elementor-top-section elementor-element elementor-element-7bb7ded elementor-section-boxed elementor-section-height-default elementor-section-height-default\" data-id=\"7bb7ded\" data-element_type=\"section\">\n\t\t\t\t\t\t<div class=\"elementor-container elementor-column-gap-default\">\n\t\t\t\t\t<div class=\"elementor-column elementor-col-100 elementor-top-column elementor-element elementor-element-a46b464\" data-id=\"a46b464\" data-element_type=\"column\">\n\t\t\t<div class=\"elementor-widget-wrap elementor-element-populated\">\n\t\t\t\t\t\t<div class=\"elementor-element elementor-element-5352533 elementor-widget elementor-widget-text-editor\" data-id=\"5352533\" data-element_type=\"widget\" data-widget_type=\"text-editor.default\">\n\t\t\t\t<div class=\"elementor-widget-container\">\n\t\t\t\t\t\t\t\t\t<p>La administraci\u00f3n del Gobernador propuso una agenda agresiva de recortes al programa Cover All Coloradans. Los aprobados por el Comit\u00e9 Conjunto de Presupuesto, aunque menos dr\u00e1sticos, representan un cambio sustancial con respecto a la intenci\u00f3n y el dise\u00f1o del programa. Estos cambios reducir\u00edan significativamente la calidad de la atenci\u00f3n al disminuir el acceso a la atenci\u00f3n integrada y a los servicios de salud mental, limitar los beneficios dentales a 14.000 d\u00f3lares anuales, congelar la inscripci\u00f3n en servicios y apoyos a largo plazo para ni\u00f1os e implementar un l\u00edmite de inscripci\u00f3n y gasto para ni\u00f1os.<\/p><p>Estos cambios se producen tras tres a\u00f1os de inversi\u00f3n deliberada para generar conciencia, confianza y participaci\u00f3n en el programa. Se anim\u00f3 a las familias a inscribirse, utilizar su cobertura y buscar atenci\u00f3n preventiva y temprana, tal como se dise\u00f1\u00f3 el programa.<\/p><p>Ahora, el acceso se est\u00e1 restringiendo justo cuando m\u00e1s se necesita. A medida que resurgen enfermedades prevenibles y las comunidades siguen recuper\u00e1ndose de los efectos de la COVID-19, limitar el acceso a la atenci\u00f3n preventiva, las vacunas y el tratamiento temprano aumenta el riesgo para todos.<\/p><p>La representante Lorena Garc\u00eda, junto con los representantes Velasco y Zokaie, demostraron lo que sucede cuando los l\u00edderes electos act\u00faan con valent\u00eda y con la comunidad como eje central, impulsando una enmienda para restablecer el acceso a la atenci\u00f3n m\u00e9dica para los ni\u00f1os inmigrantes y las mujeres embarazadas en Colorado, y presionando a\u00fan m\u00e1s para incluir los beneficios dentales.<\/p><p>Ahora que el proyecto de ley est\u00e1 avanzando en el senado estatal, estamos aprovechando ese impulso y los invitamos a... <a href=\"https:\/\/actionnetwork.org\/petitions\/protect-health-equity-in-colorado\/\">A\u00f1ade tu nombre para proteger la equidad en salud en Colorado.<\/a><\/p>\t\t\t\t\t\t\t\t<\/div>\n\t\t\t\t<\/div>\n\t\t\t\t\t<\/div>\n\t\t<\/div>\n\t\t\t\t\t<\/div>\n\t\t<\/section>\n\t\t\t\t<section class=\"elementor-section elementor-top-section elementor-element elementor-element-5dfba25 elementor-section-boxed elementor-section-height-default elementor-section-height-default\" data-id=\"5dfba25\" data-element_type=\"section\">\n\t\t\t\t\t\t<div class=\"elementor-container elementor-column-gap-default\">\n\t\t\t\t\t<div class=\"elementor-column elementor-col-100 elementor-top-column elementor-element elementor-element-5c5560e\" data-id=\"5c5560e\" data-element_type=\"column\">\n\t\t\t<div class=\"elementor-widget-wrap elementor-element-populated\">\n\t\t\t\t\t\t<div class=\"elementor-element elementor-element-0709a8d elementor-widget elementor-widget-image\" data-id=\"0709a8d\" data-element_type=\"widget\" data-widget_type=\"image.default\">\n\t\t\t\t<div class=\"elementor-widget-container\">\n\t\t\t\t\t\t\t\t\t\t\t\t<figure class=\"wp-caption\">\n\t\t\t\t\t\t\t\t\t\t<img decoding=\"async\" width=\"800\" height=\"433\" src=\"https:\/\/www.colorlatina.org\/wp-content\/uploads\/2026\/04\/Screenshot-2026-04-14-at-2.52.39-PM-1024x554.png\" class=\"attachment-large size-large wp-image-6448\" alt=\"\" srcset=\"https:\/\/www.colorlatina.org\/wp-content\/uploads\/2026\/04\/Screenshot-2026-04-14-at-2.52.39-PM-1024x554.png 1024w, https:\/\/www.colorlatina.org\/wp-content\/uploads\/2026\/04\/Screenshot-2026-04-14-at-2.52.39-PM-300x162.png 300w, https:\/\/www.colorlatina.org\/wp-content\/uploads\/2026\/04\/Screenshot-2026-04-14-at-2.52.39-PM-768x415.png 768w, https:\/\/www.colorlatina.org\/wp-content\/uploads\/2026\/04\/Screenshot-2026-04-14-at-2.52.39-PM-1536x831.png 1536w, https:\/\/www.colorlatina.org\/wp-content\/uploads\/2026\/04\/Screenshot-2026-04-14-at-2.52.39-PM-18x10.png 18w, https:\/\/www.colorlatina.org\/wp-content\/uploads\/2026\/04\/Screenshot-2026-04-14-at-2.52.39-PM.png 1690w\" sizes=\"(max-width: 800px) 100vw, 800px\" \/>\t\t\t\t\t\t\t\t\t\t\t<figcaption class=\"widget-image-caption wp-caption-text\">Los representantes Velasco y Garc\u00eda presentan una enmienda al proyecto de ley HB26-1411.<\/figcaption>\n\t\t\t\t\t\t\t\t\t\t<\/figure>\n\t\t\t\t\t\t\t\t\t<\/div>\n\t\t\t\t<\/div>\n\t\t\t\t\t<\/div>\n\t\t<\/div>\n\t\t\t\t\t<\/div>\n\t\t<\/section>\n\t\t\t\t<section class=\"elementor-section elementor-top-section elementor-element elementor-element-e60cb8d elementor-section-boxed elementor-section-height-default elementor-section-height-default\" data-id=\"e60cb8d\" data-element_type=\"section\">\n\t\t\t\t\t\t<div class=\"elementor-container elementor-column-gap-default\">\n\t\t\t\t\t<div class=\"elementor-column elementor-col-100 elementor-top-column elementor-element elementor-element-20b62ed\" data-id=\"20b62ed\" data-element_type=\"column\">\n\t\t\t<div class=\"elementor-widget-wrap elementor-element-populated\">\n\t\t\t\t\t\t<div class=\"elementor-element elementor-element-172e24d elementor-widget elementor-widget-text-editor\" data-id=\"172e24d\" data-element_type=\"widget\" data-widget_type=\"text-editor.default\">\n\t\t\t\t<div class=\"elementor-widget-container\">\n\t\t\t\t\t\t\t\t\t<p>Necesitamos la participaci\u00f3n ciudadana para dejar claro que nuestras comunidades esperan que se proteja el acceso a la atenci\u00f3n m\u00e9dica.<\/p><p>Al firmar, usted est\u00e1 apoyando:<\/p><ul><li>Proteger la equidad en salud en Colorado<\/li><li>Acceso a la atenci\u00f3n para ni\u00f1os y familias<\/li><li>Un sistema de salud que nos incluya a todos.<\/li><\/ul><p><a href=\"https:\/\/actionnetwork.org\/petitions\/protect-health-equity-in-colorado\/\">A\u00f1ade tu nombre y \u00fanete a comunidades en todo Colorado.<\/a> Hacemos un llamado al Senado para que proteja el acceso a la atenci\u00f3n m\u00e9dica. Al firmar, tambi\u00e9n puede dejar un comentario; considere compartir su historia o un mensaje personal para ayudar a su senador a comprender lo que significa el acceso a la atenci\u00f3n m\u00e9dica en la vida real. Nuestro equipo de pol\u00edticas p\u00fablicas entregar\u00e1 directamente a los senadores todas las firmas y comentarios a medida que avance este proyecto de ley.<\/p><p>Nuestras comunidades no son un problema presupuestario, y nuestra atenci\u00f3n nunca deber\u00eda estar condicionada.<\/p>\t\t\t\t\t\t\t\t<\/div>\n\t\t\t\t<\/div>\n\t\t\t\t\t<\/div>\n\t\t<\/div>\n\t\t\t\t\t<\/div>\n\t\t<\/section>\n\t\t\t\t<section class=\"elementor-section elementor-top-section elementor-element elementor-element-7c5197a elementor-section-boxed elementor-section-height-default elementor-section-height-default\" data-id=\"7c5197a\" data-element_type=\"section\">\n\t\t\t\t\t\t<div class=\"elementor-container elementor-column-gap-default\">\n\t\t\t\t\t<div class=\"elementor-column elementor-col-50 elementor-top-column elementor-element elementor-element-ef0b22f\" data-id=\"ef0b22f\" data-element_type=\"column\">\n\t\t\t<div class=\"elementor-widget-wrap elementor-element-populated\">\n\t\t\t\t\t\t<div class=\"elementor-element elementor-element-8cc6f84 elementor-align-center elementor-widget elementor-widget-button\" data-id=\"8cc6f84\" data-element_type=\"widget\" data-widget_type=\"button.default\">\n\t\t\t\t<div class=\"elementor-widget-container\">\n\t\t\t\t\t\t\t\t\t<div class=\"elementor-button-wrapper\">\n\t\t\t\t\t<a class=\"elementor-button elementor-button-link elementor-size-sm\" href=\"https:\/\/actionnetwork.org\/petitions\/protect-health-equity-in-colorado\/\">\n\t\t\t\t\t\t<span class=\"elementor-button-content-wrapper\">\n\t\t\t\t\t\t\t\t\t<span class=\"elementor-button-text\">A\u00f1ade tu nombre<\/span>\n\t\t\t\t\t<\/span>\n\t\t\t\t\t<\/a>\n\t\t\t\t<\/div>\n\t\t\t\t\t\t\t\t<\/div>\n\t\t\t\t<\/div>\n\t\t\t\t\t<\/div>\n\t\t<\/div>\n\t\t\t\t<div class=\"elementor-column elementor-col-50 elementor-top-column elementor-element elementor-element-90ea141\" data-id=\"90ea141\" data-element_type=\"column\">\n\t\t\t<div class=\"elementor-widget-wrap elementor-element-populated\">\n\t\t\t\t\t\t<div class=\"elementor-element elementor-element-a2a0ac3 elementor-widget elementor-widget-button\" data-id=\"a2a0ac3\" data-element_type=\"widget\" data-widget_type=\"button.default\">\n\t\t\t\t<div class=\"elementor-widget-container\">\n\t\t\t\t\t\t\t\t\t<div class=\"elementor-button-wrapper\">\n\t\t\t\t\t<a class=\"elementor-button elementor-button-link elementor-size-sm\" href=\"#\">\n\t\t\t\t\t\t<span class=\"elementor-button-content-wrapper\">\n\t\t\t\t\t\t\t\t\t<span class=\"elementor-button-text\">Suscr\u00edbete a nuestro bolet\u00edn<\/span>\n\t\t\t\t\t<\/span>\n\t\t\t\t\t<\/a>\n\t\t\t\t<\/div>\n\t\t\t\t\t\t\t\t<\/div>\n\t\t\t\t<\/div>\n\t\t\t\t\t<\/div>\n\t\t<\/div>\n\t\t\t\t\t<\/div>\n\t\t<\/section>\n\t\t\t\t<section class=\"elementor-section elementor-top-section elementor-element elementor-element-80855e5 elementor-section-boxed elementor-section-height-default elementor-section-height-default\" data-id=\"80855e5\" data-element_type=\"section\">\n\t\t\t\t\t\t<div class=\"elementor-container elementor-column-gap-default\">\n\t\t\t\t\t<div class=\"elementor-column elementor-col-100 elementor-top-column elementor-element elementor-element-f607ddc\" data-id=\"f607ddc\" data-element_type=\"column\">\n\t\t\t<div class=\"elementor-widget-wrap elementor-element-populated\">\n\t\t\t\t\t\t<div class=\"elementor-element elementor-element-e3a29fd elementor-shape-rounded elementor-grid-0 e-grid-align-center elementor-widget elementor-widget-social-icons\" data-id=\"e3a29fd\" data-element_type=\"widget\" data-widget_type=\"social-icons.default\">\n\t\t\t\t<div class=\"elementor-widget-container\">\n\t\t\t\t\t\t\t<div class=\"elementor-social-icons-wrapper elementor-grid\" role=\"list\">\n\t\t\t\t\t\t\t<span class=\"elementor-grid-item\" role=\"listitem\">\n\t\t\t\t\t<a class=\"elementor-icon elementor-social-icon elementor-social-icon-facebook elementor-repeater-item-d6a412f\" href=\"https:\/\/www.facebook.com\/COLORLATINA\" target=\"_blank\">\n\t\t\t\t\t\t<span class=\"elementor-screen-only\">Facebook<\/span>\n\t\t\t\t\t\t<i aria-hidden=\"true\" class=\"fab fa-facebook\"><\/i>\t\t\t\t\t<\/a>\n\t\t\t\t<\/span>\n\t\t\t\t\t\t\t<span class=\"elementor-grid-item\" role=\"listitem\">\n\t\t\t\t\t<a class=\"elementor-icon elementor-social-icon elementor-social-icon-instagram elementor-repeater-item-5adc815\" href=\"https:\/\/www.instagram.com\/color_latina\/\" target=\"_blank\">\n\t\t\t\t\t\t<span class=\"elementor-screen-only\">Instagram<\/span>\n\t\t\t\t\t\t<i aria-hidden=\"true\" class=\"fab fa-instagram\"><\/i>\t\t\t\t\t<\/a>\n\t\t\t\t<\/span>\n\t\t\t\t\t\t\t<span class=\"elementor-grid-item\" role=\"listitem\">\n\t\t\t\t\t<a class=\"elementor-icon elementor-social-icon elementor-social-icon-tiktok elementor-repeater-item-52af8ef\" href=\"https:\/\/www.tiktok.com\/@colorlatina\" target=\"_blank\">\n\t\t\t\t\t\t<span class=\"elementor-screen-only\">TikTok<\/span>\n\t\t\t\t\t\t<i aria-hidden=\"true\" class=\"fab fa-tiktok\"><\/i>\t\t\t\t\t<\/a>\n\t\t\t\t<\/span>\n\t\t\t\t\t\t\t<span class=\"elementor-grid-item\" role=\"listitem\">\n\t\t\t\t\t<a class=\"elementor-icon elementor-social-icon elementor-social-icon-youtube elementor-repeater-item-27fc215\" href=\"https:\/\/www.youtube.com\/channel\/UCjHpZq1I6j6M7MHuszYh1AA\" target=\"_blank\">\n\t\t\t\t\t\t<span class=\"elementor-screen-only\">YouTube<\/span>\n\t\t\t\t\t\t<i aria-hidden=\"true\" class=\"fab fa-youtube\"><\/i>\t\t\t\t\t<\/a>\n\t\t\t\t<\/span>\n\t\t\t\t\t\t\t<span class=\"elementor-grid-item\" role=\"listitem\">\n\t\t\t\t\t<a class=\"elementor-icon elementor-social-icon elementor-social-icon-spotify elementor-repeater-item-507ecc4\" href=\"https:\/\/open.spotify.com\/show\/4UOgkAbPnq8lhsuWoYQGN2?si=aq77eyw6T0Cv6Cph7-jLlw\" target=\"_blank\">\n\t\t\t\t\t\t<span class=\"elementor-screen-only\">Spotify<\/span>\n\t\t\t\t\t\t<i aria-hidden=\"true\" class=\"fab fa-spotify\"><\/i>\t\t\t\t\t<\/a>\n\t\t\t\t<\/span>\n\t\t\t\t\t<\/div>\n\t\t\t\t\t\t<\/div>\n\t\t\t\t<\/div>\n\t\t\t\t\t<\/div>\n\t\t<\/div>\n\t\t\t\t\t<\/div>\n\t\t<\/section>\n\t\t\t\t<section class=\"elementor-section elementor-top-section elementor-element elementor-element-745fbf4 elementor-section-boxed elementor-section-height-default elementor-section-height-default\" data-id=\"745fbf4\" data-element_type=\"section\">\n\t\t\t\t\t\t<div class=\"elementor-container elementor-column-gap-default\">\n\t\t\t\t\t<div class=\"elementor-column elementor-col-100 elementor-top-column elementor-element elementor-element-5c4e0c9\" data-id=\"5c4e0c9\" data-element_type=\"column\">\n\t\t\t<div class=\"elementor-widget-wrap elementor-element-populated\">\n\t\t\t\t\t\t<div class=\"elementor-element elementor-element-2e36db0 elementor-widget elementor-widget-text-editor\" data-id=\"2e36db0\" data-element_type=\"widget\" data-widget_type=\"text-editor.default\">\n\t\t\t\t<div class=\"elementor-widget-container\">\n\t\t\t\t\t\t\t\t\t<p><span style=\"font-weight: 400;\">En comunidad,\u00a0<\/span><\/p><p><i>Equipo COLOR<\/i><\/p>\t\t\t\t\t\t\t\t<\/div>\n\t\t\t\t<\/div>\n\t\t\t\t\t<\/div>\n\t\t<\/div>\n\t\t\t\t\t<\/div>\n\t\t<\/section>\n\t\t\t\t<section class=\"elementor-section elementor-top-section elementor-element elementor-element-3b6a8a4 elementor-section-boxed elementor-section-height-default elementor-section-height-default\" data-id=\"3b6a8a4\" data-element_type=\"section\">\n\t\t\t\t\t\t<div class=\"elementor-container elementor-column-gap-default\">\n\t\t\t\t\t<div class=\"elementor-column elementor-col-100 elementor-top-column elementor-element elementor-element-6d59cf3\" data-id=\"6d59cf3\" data-element_type=\"column\">\n\t\t\t<div class=\"elementor-widget-wrap elementor-element-populated\">\n\t\t\t\t\t\t<div class=\"elementor-element elementor-element-508bc49 elementor-widget elementor-widget-text-editor\" data-id=\"508bc49\" data-element_type=\"widget\" data-widget_type=\"text-editor.default\">\n\t\t\t\t<div class=\"elementor-widget-container\">\n\t\t\t\t\t\t\t\t\t<p><b><i>[Descargo de responsabilidad:<\/i><\/b><i><span style=\"font-weight: 400;\"> Estas historias reflejan las voces, experiencias y perspectivas del equipo COLOR, compartidas con esp\u00edritu de aprendizaje, conexi\u00f3n y crecimiento colectivo.<\/span><\/i><\/p>\t\t\t\t\t\t\t\t<\/div>\n\t\t\t\t<\/div>\n\t\t\t\t\t<\/div>\n\t\t<\/div>\n\t\t\t\t\t<\/div>\n\t\t<\/section>\n\t\t\t\t<\/div>","protected":false},"excerpt":{"rendered":"<p>A\u00f1ade tu nombre y \u00fanete a las comunidades de todo Colorado que piden al Senado que proteja el acceso a la atenci\u00f3n m\u00e9dica. Al firmar, tambi\u00e9n puedes dejar un comentario: comparte tu historia o un mensaje personal para ayudar a tu senador a comprender lo que significa el acceso a la atenci\u00f3n m\u00e9dica en la vida real. Nuestro equipo de pol\u00edticas p\u00fablicas entregar\u00e1 directamente a los senadores todas las firmas y comentarios a medida que avance este proyecto de ley.<\/p>","protected":false},"author":6,"featured_media":6452,"comment_status":"closed","ping_status":"closed","sticky":false,"template":"","format":"standard","meta":{"footnotes":""},"categories":[11],"tags":[],"class_list":["post-6446","post","type-post","status-publish","format-standard","has-post-thumbnail","hentry","category-press-release"],"yoast_head":"<!-- This site is optimized with the Yoast SEO plugin v26.0 - https:\/\/yoast.com\/wordpress\/plugins\/seo\/ -->\n<title>Protecting Health Equity in Colorado - COLOR Latina<\/title>\n<meta name=\"robots\" content=\"index, follow, max-snippet:-1, max-image-preview:large, max-video-preview:-1\" \/>\n<link rel=\"canonical\" href=\"https:\/\/www.colorlatina.org\/es\/protecting-health-equity-in-colorado\/\" \/>\n<meta property=\"og:locale\" content=\"es_MX\" \/>\n<meta property=\"og:type\" content=\"article\" \/>\n<meta property=\"og:title\" content=\"Protecting Health Equity in Colorado - COLOR Latina\" \/>\n<meta property=\"og:description\" content=\"Add your name and join communities across Colorado calling on the Senate to protect access to care. When you sign, you can also leave a comment\u2014consider sharing your story or a personal message to help your Senator understand what access to care means in real life. All signatures and comments will be delivered directly to Senators by our policy team as this bill moves forward.\" \/>\n<meta property=\"og:url\" content=\"https:\/\/www.colorlatina.org\/es\/protecting-health-equity-in-colorado\/\" \/>\n<meta property=\"og:site_name\" content=\"COLOR Latina\" \/>\n<meta property=\"article:published_time\" content=\"2026-04-14T21:04:56+00:00\" \/>\n<meta property=\"article:modified_time\" content=\"2026-04-14T21:09:11+00:00\" \/>\n<meta property=\"og:image\" content=\"https:\/\/www.colorlatina.org\/wp-content\/uploads\/2026\/04\/IMG_0417-1-scaled.jpg\" \/>\n\t<meta property=\"og:image:width\" content=\"2560\" \/>\n\t<meta property=\"og:image:height\" content=\"1707\" \/>\n\t<meta property=\"og:image:type\" content=\"image\/jpeg\" \/>\n<meta name=\"author\" content=\"Nicole Guzman\" \/>\n<meta name=\"twitter:card\" content=\"summary_large_image\" \/>\n<meta name=\"twitter:label1\" content=\"Escrito por\" \/>\n\t<meta name=\"twitter:data1\" content=\"Nicole Guzman\" \/>\n\t<meta name=\"twitter:label2\" content=\"Tiempo de lectura\" \/>\n\t<meta name=\"twitter:data2\" content=\"3 minutos\" \/>\n<script type=\"application\/ld+json\" class=\"yoast-schema-graph\">{\"@context\":\"https:\/\/schema.org\",\"@graph\":[{\"@type\":\"Article\",\"@id\":\"https:\/\/www.colorlatina.org\/protecting-health-equity-in-colorado\/#article\",\"isPartOf\":{\"@id\":\"https:\/\/www.colorlatina.org\/protecting-health-equity-in-colorado\/\"},\"author\":{\"name\":\"Nicole Guzman\",\"@id\":\"https:\/\/www.colorlatina.org\/#\/schema\/person\/b493ad27a042d124b87f3cf72c616f8f\"},\"headline\":\"Protecting Health Equity in Colorado\",\"datePublished\":\"2026-04-14T21:04:56+00:00\",\"dateModified\":\"2026-04-14T21:09:11+00:00\",\"mainEntityOfPage\":{\"@id\":\"https:\/\/www.colorlatina.org\/protecting-health-equity-in-colorado\/\"},\"wordCount\":440,\"publisher\":{\"@id\":\"https:\/\/www.colorlatina.org\/#organization\"},\"image\":{\"@id\":\"https:\/\/www.colorlatina.org\/protecting-health-equity-in-colorado\/#primaryimage\"},\"thumbnailUrl\":\"https:\/\/www.colorlatina.org\/wp-content\/uploads\/2026\/04\/IMG_0417-1-scaled.jpg\",\"articleSection\":[\"Press Releases\"],\"inLanguage\":\"es\"},{\"@type\":\"WebPage\",\"@id\":\"https:\/\/www.colorlatina.org\/protecting-health-equity-in-colorado\/\",\"url\":\"https:\/\/www.colorlatina.org\/protecting-health-equity-in-colorado\/\",\"name\":\"Protecting Health Equity in Colorado - COLOR Latina\",\"isPartOf\":{\"@id\":\"https:\/\/www.colorlatina.org\/#website\"},\"primaryImageOfPage\":{\"@id\":\"https:\/\/www.colorlatina.org\/protecting-health-equity-in-colorado\/#primaryimage\"},\"image\":{\"@id\":\"https:\/\/www.colorlatina.org\/protecting-health-equity-in-colorado\/#primaryimage\"},\"thumbnailUrl\":\"https:\/\/www.colorlatina.org\/wp-content\/uploads\/2026\/04\/IMG_0417-1-scaled.jpg\",\"datePublished\":\"2026-04-14T21:04:56+00:00\",\"dateModified\":\"2026-04-14T21:09:11+00:00\",\"breadcrumb\":{\"@id\":\"https:\/\/www.colorlatina.org\/protecting-health-equity-in-colorado\/#breadcrumb\"},\"inLanguage\":\"es\",\"potentialAction\":[{\"@type\":\"ReadAction\",\"target\":[\"https:\/\/www.colorlatina.org\/protecting-health-equity-in-colorado\/\"]}]},{\"@type\":\"ImageObject\",\"inLanguage\":\"es\",\"@id\":\"https:\/\/www.colorlatina.org\/protecting-health-equity-in-colorado\/#primaryimage\",\"url\":\"https:\/\/www.colorlatina.org\/wp-content\/uploads\/2026\/04\/IMG_0417-1-scaled.jpg\",\"contentUrl\":\"https:\/\/www.colorlatina.org\/wp-content\/uploads\/2026\/04\/IMG_0417-1-scaled.jpg\",\"width\":2560,\"height\":1707},{\"@type\":\"BreadcrumbList\",\"@id\":\"https:\/\/www.colorlatina.org\/protecting-health-equity-in-colorado\/#breadcrumb\",\"itemListElement\":[{\"@type\":\"ListItem\",\"position\":1,\"name\":\"Home\",\"item\":\"https:\/\/www.colorlatina.org\/\"},{\"@type\":\"ListItem\",\"position\":2,\"name\":\"Protecting Health Equity in Colorado\"}]},{\"@type\":\"WebSite\",\"@id\":\"https:\/\/www.colorlatina.org\/#website\",\"url\":\"https:\/\/www.colorlatina.org\/\",\"name\":\"COLOR Latina\",\"description\":\"\",\"publisher\":{\"@id\":\"https:\/\/www.colorlatina.org\/#organization\"},\"potentialAction\":[{\"@type\":\"SearchAction\",\"target\":{\"@type\":\"EntryPoint\",\"urlTemplate\":\"https:\/\/www.colorlatina.org\/?s={search_term_string}\"},\"query-input\":{\"@type\":\"PropertyValueSpecification\",\"valueRequired\":true,\"valueName\":\"search_term_string\"}}],\"inLanguage\":\"es\"},{\"@type\":\"Organization\",\"@id\":\"https:\/\/www.colorlatina.org\/#organization\",\"name\":\"COLOR Latina\",\"url\":\"https:\/\/www.colorlatina.org\/\",\"logo\":{\"@type\":\"ImageObject\",\"inLanguage\":\"es\",\"@id\":\"https:\/\/www.colorlatina.org\/#\/schema\/logo\/image\/\",\"url\":\"https:\/\/live-color-latina.pantheonsite.io\/wp-content\/uploads\/2022\/04\/color-latina-fb.jpg\",\"contentUrl\":\"https:\/\/live-color-latina.pantheonsite.io\/wp-content\/uploads\/2022\/04\/color-latina-fb.jpg\",\"width\":1200,\"height\":630,\"caption\":\"COLOR Latina\"},\"image\":{\"@id\":\"https:\/\/www.colorlatina.org\/#\/schema\/logo\/image\/\"}},{\"@type\":\"Person\",\"@id\":\"https:\/\/www.colorlatina.org\/#\/schema\/person\/b493ad27a042d124b87f3cf72c616f8f\",\"name\":\"Nicole Guzman\",\"image\":{\"@type\":\"ImageObject\",\"inLanguage\":\"es\",\"@id\":\"https:\/\/www.colorlatina.org\/#\/schema\/person\/image\/\",\"url\":\"https:\/\/secure.gravatar.com\/avatar\/45127e1b04f1e6ceba58fa43ae229c2c834aa29fb6d2fe93d80a6a7907a9230e?s=96&d=mm&r=g\",\"contentUrl\":\"https:\/\/secure.gravatar.com\/avatar\/45127e1b04f1e6ceba58fa43ae229c2c834aa29fb6d2fe93d80a6a7907a9230e?s=96&d=mm&r=g\",\"caption\":\"Nicole Guzman\"},\"sameAs\":[\"http:\/\/www.colorlatina.org\"],\"url\":\"https:\/\/www.colorlatina.org\/es\/author\/nguzman\/\"}]}<\/script>\n<!-- \/ Yoast SEO plugin. -->","yoast_head_json":{"title":"Protecting Health Equity in Colorado - COLOR Latina","robots":{"index":"index","follow":"follow","max-snippet":"max-snippet:-1","max-image-preview":"max-image-preview:large","max-video-preview":"max-video-preview:-1"},"canonical":"https:\/\/www.colorlatina.org\/es\/protecting-health-equity-in-colorado\/","og_locale":"es_MX","og_type":"article","og_title":"Protecting Health Equity in Colorado - COLOR Latina","og_description":"Add your name and join communities across Colorado calling on the Senate to protect access to care. When you sign, you can also leave a comment\u2014consider sharing your story or a personal message to help your Senator understand what access to care means in real life. All signatures and comments will be delivered directly to Senators by our policy team as this bill moves forward.","og_url":"https:\/\/www.colorlatina.org\/es\/protecting-health-equity-in-colorado\/","og_site_name":"COLOR Latina","article_published_time":"2026-04-14T21:04:56+00:00","article_modified_time":"2026-04-14T21:09:11+00:00","og_image":[{"width":2560,"height":1707,"url":"https:\/\/www.colorlatina.org\/wp-content\/uploads\/2026\/04\/IMG_0417-1-scaled.jpg","type":"image\/jpeg"}],"author":"Nicole Guzman","twitter_card":"summary_large_image","twitter_misc":{"Escrito por":"Nicole Guzman","Tiempo de lectura":"3 minutos"},"schema":{"@context":"https:\/\/schema.org","@graph":[{"@type":"Article","@id":"https:\/\/www.colorlatina.org\/protecting-health-equity-in-colorado\/#article","isPartOf":{"@id":"https:\/\/www.colorlatina.org\/protecting-health-equity-in-colorado\/"},"author":{"name":"Nicole Guzman","@id":"https:\/\/www.colorlatina.org\/#\/schema\/person\/b493ad27a042d124b87f3cf72c616f8f"},"headline":"Protecting Health Equity in Colorado","datePublished":"2026-04-14T21:04:56+00:00","dateModified":"2026-04-14T21:09:11+00:00","mainEntityOfPage":{"@id":"https:\/\/www.colorlatina.org\/protecting-health-equity-in-colorado\/"},"wordCount":440,"publisher":{"@id":"https:\/\/www.colorlatina.org\/#organization"},"image":{"@id":"https:\/\/www.colorlatina.org\/protecting-health-equity-in-colorado\/#primaryimage"},"thumbnailUrl":"https:\/\/www.colorlatina.org\/wp-content\/uploads\/2026\/04\/IMG_0417-1-scaled.jpg","articleSection":["Press Releases"],"inLanguage":"es"},{"@type":"WebPage","@id":"https:\/\/www.colorlatina.org\/protecting-health-equity-in-colorado\/","url":"https:\/\/www.colorlatina.org\/protecting-health-equity-in-colorado\/","name":"Protecting Health Equity in Colorado - COLOR Latina","isPartOf":{"@id":"https:\/\/www.colorlatina.org\/#website"},"primaryImageOfPage":{"@id":"https:\/\/www.colorlatina.org\/protecting-health-equity-in-colorado\/#primaryimage"},"image":{"@id":"https:\/\/www.colorlatina.org\/protecting-health-equity-in-colorado\/#primaryimage"},"thumbnailUrl":"https:\/\/www.colorlatina.org\/wp-content\/uploads\/2026\/04\/IMG_0417-1-scaled.jpg","datePublished":"2026-04-14T21:04:56+00:00","dateModified":"2026-04-14T21:09:11+00:00","breadcrumb":{"@id":"https:\/\/www.colorlatina.org\/protecting-health-equity-in-colorado\/#breadcrumb"},"inLanguage":"es","potentialAction":[{"@type":"ReadAction","target":["https:\/\/www.colorlatina.org\/protecting-health-equity-in-colorado\/"]}]},{"@type":"ImageObject","inLanguage":"es","@id":"https:\/\/www.colorlatina.org\/protecting-health-equity-in-colorado\/#primaryimage","url":"https:\/\/www.colorlatina.org\/wp-content\/uploads\/2026\/04\/IMG_0417-1-scaled.jpg","contentUrl":"https:\/\/www.colorlatina.org\/wp-content\/uploads\/2026\/04\/IMG_0417-1-scaled.jpg","width":2560,"height":1707},{"@type":"BreadcrumbList","@id":"https:\/\/www.colorlatina.org\/protecting-health-equity-in-colorado\/#breadcrumb","itemListElement":[{"@type":"ListItem","position":1,"name":"Home","item":"https:\/\/www.colorlatina.org\/"},{"@type":"ListItem","position":2,"name":"Protecting Health Equity in Colorado"}]},{"@type":"WebSite","@id":"https:\/\/www.colorlatina.org\/#website","url":"https:\/\/www.colorlatina.org\/","name":"COLOR Latina","description":"","publisher":{"@id":"https:\/\/www.colorlatina.org\/#organization"},"potentialAction":[{"@type":"SearchAction","target":{"@type":"EntryPoint","urlTemplate":"https:\/\/www.colorlatina.org\/?s={search_term_string}"},"query-input":{"@type":"PropertyValueSpecification","valueRequired":true,"valueName":"search_term_string"}}],"inLanguage":"es"},{"@type":"Organization","@id":"https:\/\/www.colorlatina.org\/#organization","name":"COLOR Latina","url":"https:\/\/www.colorlatina.org\/","logo":{"@type":"ImageObject","inLanguage":"es","@id":"https:\/\/www.colorlatina.org\/#\/schema\/logo\/image\/","url":"https:\/\/live-color-latina.pantheonsite.io\/wp-content\/uploads\/2022\/04\/color-latina-fb.jpg","contentUrl":"https:\/\/live-color-latina.pantheonsite.io\/wp-content\/uploads\/2022\/04\/color-latina-fb.jpg","width":1200,"height":630,"caption":"COLOR Latina"},"image":{"@id":"https:\/\/www.colorlatina.org\/#\/schema\/logo\/image\/"}},{"@type":"Person","@id":"https:\/\/www.colorlatina.org\/#\/schema\/person\/b493ad27a042d124b87f3cf72c616f8f","name":"Nicole Guzm\u00e1n","image":{"@type":"ImageObject","inLanguage":"es","@id":"https:\/\/www.colorlatina.org\/#\/schema\/person\/image\/","url":"https:\/\/secure.gravatar.com\/avatar\/45127e1b04f1e6ceba58fa43ae229c2c834aa29fb6d2fe93d80a6a7907a9230e?s=96&d=mm&r=g","contentUrl":"https:\/\/secure.gravatar.com\/avatar\/45127e1b04f1e6ceba58fa43ae229c2c834aa29fb6d2fe93d80a6a7907a9230e?s=96&d=mm&r=g","caption":"Nicole Guzman"},"sameAs":["http:\/\/www.colorlatina.org"],"url":"https:\/\/www.colorlatina.org\/es\/author\/nguzman\/"}]}},"_links":{"self":[{"href":"https:\/\/www.colorlatina.org\/es\/wp-json\/wp\/v2\/posts\/6446","targetHints":{"allow":["GET"]}}],"collection":[{"href":"https:\/\/www.colorlatina.org\/es\/wp-json\/wp\/v2\/posts"}],"about":[{"href":"https:\/\/www.colorlatina.org\/es\/wp-json\/wp\/v2\/types\/post"}],"author":[{"embeddable":true,"href":"https:\/\/www.colorlatina.org\/es\/wp-json\/wp\/v2\/users\/6"}],"replies":[{"embeddable":true,"href":"https:\/\/www.colorlatina.org\/es\/wp-json\/wp\/v2\/comments?post=6446"}],"version-history":[{"count":7,"href":"https:\/\/www.colorlatina.org\/es\/wp-json\/wp\/v2\/posts\/6446\/revisions"}],"predecessor-version":[{"id":6456,"href":"https:\/\/www.colorlatina.org\/es\/wp-json\/wp\/v2\/posts\/6446\/revisions\/6456"}],"wp:featuredmedia":[{"embeddable":true,"href":"https:\/\/www.colorlatina.org\/es\/wp-json\/wp\/v2\/media\/6452"}],"wp:attachment":[{"href":"https:\/\/www.colorlatina.org\/es\/wp-json\/wp\/v2\/media?parent=6446"}],"wp:term":[{"taxonomy":"category","embeddable":true,"href":"https:\/\/www.colorlatina.org\/es\/wp-json\/wp\/v2\/categories?post=6446"},{"taxonomy":"post_tag","embeddable":true,"href":"https:\/\/www.colorlatina.org\/es\/wp-json\/wp\/v2\/tags?post=6446"}],"curies":[{"name":"wp","href":"https:\/\/api.w.org\/{rel}","templated":true}]}}